{"id":140,"date":"2019-01-08T20:13:04","date_gmt":"2019-01-08T19:13:04","guid":{"rendered":"http:\/\/www.amrit.ch\/wordpress\/?p=140"},"modified":"2019-03-05T13:53:23","modified_gmt":"2019-03-05T12:53:23","slug":"internationaler-frauen-tag-dienstag-8-maerz-2016-fest-in-toess","status":"publish","type":"post","link":"https:\/\/www.amrit.ch\/wordpress\/?p=140","title":{"rendered":"intern. frauentag dienstag 8.m\u00e4rz 2016 fest in winterthur"},"content":{"rendered":"<p><strong>21:00 world music mit djane amrit<\/strong><\/p>\n<div class=\"textLayer\">\n<div data-canvas-width=\"756.4031999999999\">Internationaler Tag der Frau in T\u00f6ss<\/div>\n<div data-canvas-width=\"436.6656\">Fest f\u00fcr Frauen aller Nationen<\/div>\n<div data-canvas-width=\"267.91519999999997\">Dienstag, 8. M\u00e4rz 2016<\/div>\n<div data-canvas-width=\"75.411\">18:15- 23:00<\/div>\n<p>im Reformierten Kirchgemeindehaus<\/p>\n<div data-canvas-width=\"347.8482000000001\">\n<div data-canvas-width=\"464.56899999999996\"><strong>Weltmusik zum Tanzen mit DJane Amrit<\/strong><\/div>\n<div data-canvas-width=\"219.0244\"><\/div>\n<\/div>\n<div><\/div>\n<div data-canvas-width=\"51.205\">T\u00f6ss<\/div>\n<\/div>\n<p>http\/\/:www.refkirchetoess.ch\/content\/e12740\/e13427\/e15146\/Frauenfest_2016_Flyer_gelb.pdf<\/p>\n","protected":false},"excerpt":{"rendered":"<p>21:00 world music mit djane amrit Internationaler Tag der Frau in T\u00f6ss Fest f\u00fcr Frauen aller Nationen Dienstag, 8. M\u00e4rz 2016 18:15- 23:00 im Reformierten Kirchgemeindehaus Weltmusik zum Tanzen mit DJane Amrit T\u00f6ss http\/\/:www.refkirchetoess.ch\/content\/e12740\/e13427\/e15146\/Frauenfest_2016_Flyer_gelb.pdf<\/p>\n","protected":false},"author":2,"featured_media":0,"comment_status":"closed","ping_status":"closed","sticky":false,"template":"","format":"standard","meta":{"footnotes":""},"categories":[1],"tags":[],"class_list":["post-140","post","type-post","status-publish","format-standard","hentry","category-allgemein","entry"],"_links":{"self":[{"href":"https:\/\/www.amrit.ch\/wordpress\/index.php?rest_route=\/wp\/v2\/posts\/140","targetHints":{"allow":["GET"]}}],"collection":[{"href":"https:\/\/www.amrit.ch\/wordpress\/index.php?rest_route=\/wp\/v2\/posts"}],"about":[{"href":"https:\/\/www.amrit.ch\/wordpress\/index.php?rest_route=\/wp\/v2\/types\/post"}],"author":[{"embeddable":true,"href":"https:\/\/www.amrit.ch\/wordpress\/index.php?rest_route=\/wp\/v2\/users\/2"}],"replies":[{"embeddable":true,"href":"https:\/\/www.amrit.ch\/wordpress\/index.php?rest_route=%2Fwp%2Fv2%2Fcomments&post=140"}],"version-history":[{"count":14,"href":"https:\/\/www.amrit.ch\/wordpress\/index.php?rest_route=\/wp\/v2\/posts\/140\/revisions"}],"predecessor-version":[{"id":441,"href":"https:\/\/www.amrit.ch\/wordpress\/index.php?rest_route=\/wp\/v2\/posts\/140\/revisions\/441"}],"wp:attachment":[{"href":"https:\/\/www.amrit.ch\/wordpress\/index.php?rest_route=%2Fwp%2Fv2%2Fmedia&parent=140"}],"wp:term":[{"taxonomy":"category","embeddable":true,"href":"https:\/\/www.amrit.ch\/wordpress\/index.php?rest_route=%2Fwp%2Fv2%2Fcategories&post=140"},{"taxonomy":"post_tag","embeddable":true,"href":"https:\/\/www.amrit.ch\/wordpress\/index.php?rest_route=%2Fwp%2Fv2%2Ftags&post=140"}],"curies":[{"name":"wp","href":"https:\/\/api.w.org\/{rel}","templated":true}]}}